{"id":187,"date":"2021-06-15T22:30:58","date_gmt":"2021-06-15T20:30:58","guid":{"rendered":"https:\/\/s1web0163.peakserver.net\/krankenhauskongress\/?p=187"},"modified":"2022-04-22T17:46:55","modified_gmt":"2022-04-22T15:46:55","slug":"hirn","status":"publish","type":"post","link":"https:\/\/krankenhausdirektoren.at\/krankenhauskongress2022\/hirn\/","title":{"rendered":"Mag.<sup>a<\/sup> Dr.<sup>in<\/sup> phil. Lisz Hirn"},"content":{"rendered":"\n<p>Philosophin, Publizistin und Dozentin in der Jugend- und Erwachsenenbildung<\/p>\n\n\n\n<div class=\"wp-block-columns is-layout-flex wp-container-core-columns-is-layout-9d6595d7 wp-block-columns-is-layout-flex\">\n<div class=\"wp-block-column is-layout-flow wp-block-column-is-layout-flow\" style=\"flex-basis:66.66%\">\n<p>Lisz Hirn (Jhrg. 1984, geboren in \u00d6sterreich) studierte Geisteswissenschaften und Gesang in Graz, Paris, Wien und Kathmandu. Sie ist als Philosophin, als Publizistin &amp; als Dozentin in der Jugend- und Erwachsenenbildung t\u00e4tig sowie als freiberufliche K\u00fcnstlerin an internationalen Kunstprojekten und Ausstellungen beteiligt. Zus\u00e4tzlich hat sie 2017 den Diplomlehrgang f\u00fcr \u201epraxisorientiertes Projektmanagement\u201c abgeschlossen.<\/p>\n\n\n\n<p>Die Schwerpunkte ihrer philosophischen und wissenschaftlichen Arbeit liegen in der philosophischen Anthropologie, politischen Philosophie, interkulturellen Ethik und der philosophischen Praxis. Die im interkulturellen Dialog engagierte Philosophin, Obfrau des Vereins f\u00fcr praxisnahe Philosophie und im Vorstand der Gesellschaft f\u00fcr angewandte Philosophie (gap) war u.a. als Gastlektorin an der Kathmandu University in Nepal t\u00e4tig und hat an der Sophia University und an der Nihon University in Tokio sowie an der Universidad Nacional Mayor de San Marcos in Lima referiert. Au\u00dferdem unterrichtete sie 2015 an der \u00c9cole Sup\u00e9rieure Roi Fahd de Traduction in Tanger, Marokko.<\/p>\n\n\n\n<p>Von Oktober 2015 bis Januar 2017 war sie Fellow am Forschungsinstitut f\u00fcr Philosophie in Hannover. Von Dezember 2018 bis Februar 2019 war sie Residency Awardee am renommierten Adishakti Laboratory for Arts Research in Tamil Nadu, Indien. Seit 2014 lehrt sie am ULG Philosophische Praxis der Universit\u00e4t Wien und seit Herbst 2020 ist sie au\u00dferdem als Universit\u00e4tslektorin am Institut f\u00fcr Architektur und Entwerfen der TU Wien im Einsatz.<\/p>\n\n\n\n<p>Lisz Hirn lebt und arbeitet derzeit in Wien.<\/p>\n<\/div>\n\n\n\n<div class=\"wp-block-column is-layout-flow wp-block-column-is-layout-flow\" style=\"flex-basis:33.33%\">\n<figure class=\"wp-block-image size-full\"><img loading=\"lazy\" decoding=\"async\" width=\"1024\" height=\"683\" src=\"https:\/\/krankenhausdirektoren.at\/wp-content\/uploads\/hirn.jpg\" alt=\"\" class=\"wp-image-442\" srcset=\"https:\/\/krankenhausdirektoren.at\/wp-content\/uploads\/hirn.jpg 1024w, https:\/\/krankenhausdirektoren.at\/wp-content\/uploads\/hirn-300x200.jpg 300w, https:\/\/krankenhausdirektoren.at\/wp-content\/uploads\/hirn-768x512.jpg 768w\" sizes=\"auto, (max-width: 1024px) 100vw, 1024px\" \/><figcaption>Mag.<sup>a<\/sup> Dr.<sup>in<\/sup> phil. Lisz Hirn<br>Philosophin, Publizistin und Dozentin in der Jugend- und Erwachsenenbildung<br>\u00a9 Inge Prader<\/figcaption><\/figure>\n<\/div>\n<\/div>\n\n\n\n<p>\/<\/p>\n","protected":false},"excerpt":{"rendered":"<p>Es bleibt alles ANDERS \u2026<br \/>\n\u2026 aus Sicht der Soziologie und Philosophie<\/p>\n","protected":false},"author":3,"featured_media":442,"comment_status":"closed","ping_status":"closed","sticky":false,"template":"","format":"standard","meta":{"footnotes":""},"categories":[7],"tags":[],"class_list":["post-187","post","type-post","status-publish","format-standard","has-post-thumbnail","hentry","category-referenten"],"_links":{"self":[{"href":"https:\/\/krankenhausdirektoren.at\/krankenhauskongress2022\/wp-json\/wp\/v2\/posts\/187","targetHints":{"allow":["GET"]}}],"collection":[{"href":"https:\/\/krankenhausdirektoren.at\/krankenhauskongress2022\/wp-json\/wp\/v2\/posts"}],"about":[{"href":"https:\/\/krankenhausdirektoren.at\/krankenhauskongress2022\/wp-json\/wp\/v2\/types\/post"}],"author":[{"embeddable":true,"href":"https:\/\/krankenhausdirektoren.at\/krankenhauskongress2022\/wp-json\/wp\/v2\/users\/3"}],"replies":[{"embeddable":true,"href":"https:\/\/krankenhausdirektoren.at\/krankenhauskongress2022\/wp-json\/wp\/v2\/comments?post=187"}],"version-history":[{"count":5,"href":"https:\/\/krankenhausdirektoren.at\/krankenhauskongress2022\/wp-json\/wp\/v2\/posts\/187\/revisions"}],"predecessor-version":[{"id":1159,"href":"https:\/\/krankenhausdirektoren.at\/krankenhauskongress2022\/wp-json\/wp\/v2\/posts\/187\/revisions\/1159"}],"wp:featuredmedia":[{"embeddable":true,"href":"https:\/\/krankenhausdirektoren.at\/krankenhauskongress2022\/wp-json\/wp\/v2\/media\/442"}],"wp:attachment":[{"href":"https:\/\/krankenhausdirektoren.at\/krankenhauskongress2022\/wp-json\/wp\/v2\/media?parent=187"}],"wp:term":[{"taxonomy":"category","embeddable":true,"href":"https:\/\/krankenhausdirektoren.at\/krankenhauskongress2022\/wp-json\/wp\/v2\/categories?post=187"},{"taxonomy":"post_tag","embeddable":true,"href":"https:\/\/krankenhausdirektoren.at\/krankenhauskongress2022\/wp-json\/wp\/v2\/tags?post=187"}],"curies":[{"name":"wp","href":"https:\/\/api.w.org\/{rel}","templated":true}]}}